{"id":1217,"date":"2019-04-11T13:21:52","date_gmt":"2019-04-11T11:21:52","guid":{"rendered":"https:\/\/dev.unmonrodo.cat\/?p=1217"},"modified":"2023-04-01T12:41:23","modified_gmt":"2023-04-01T10:41:23","slug":"primeres-jornades-dialegs-pedagogics","status":"publish","type":"post","link":"https:\/\/unmonrodo.cat\/es\/noticies\/primeres-jornades-dialegs-pedagogics\/","title":{"rendered":"Primeras Jornadas \"Di\u00e1logos Pedag\u00f3gicos\""},"content":{"rendered":"<div data-elementor-type=\"wp-post\" data-elementor-id=\"1217\" class=\"elementor elementor-1217\" data-elementor-post-type=\"post\">\n\t\t\t\t\t\t<section class=\"elementor-section elementor-top-section elementor-element elementor-element-b2e55e0 elementor-section-boxed elementor-section-height-default elementor-section-height-default\" data-id=\"b2e55e0\" data-element_type=\"section\" data-e-type=\"section\">\n\t\t\t\t\t\t<div class=\"elementor-container elementor-column-gap-default\">\n\t\t\t\t\t<div class=\"elementor-column elementor-col-100 elementor-top-column elementor-element elementor-element-5e001bd\" data-id=\"5e001bd\" data-element_type=\"column\" data-e-type=\"column\">\n\t\t\t<div class=\"elementor-widget-wrap elementor-element-populated\">\n\t\t\t\t\t\t<div class=\"elementor-element elementor-element-3c3b6da elementor-widget elementor-widget-text-editor\" data-id=\"3c3b6da\" data-element_type=\"widget\" data-e-type=\"widget\" data-widget_type=\"text-editor.default\">\n\t\t\t\t<div class=\"elementor-widget-container\">\n\t\t\t\t\t\t\t\t\t<p class=\"translation-block\"><a href=\"https:\/\/www.facebook.com\/tere.gamez\" target=\"_self\">Maria Teresa G\u00e1mez P\u00e9rez<\/a>, responsable del centro, participa como ponente para tratar las competencias que debe tener un\/a pedagogo\/a en el \u201cContexto educativo y formal\u201d; concretamente: en un gabinete psicopedag\u00f3gico y como docente universitaria.<\/p>\t\t\t\t\t\t\t\t<\/div>\n\t\t\t\t<\/div>\n\t\t\t\t\t<\/div>\n\t\t<\/div>\n\t\t\t\t\t<\/div>\n\t\t<\/section>\n\t\t\t\t<\/div>","protected":false},"excerpt":{"rendered":"<p>Facultat de Ci\u00e8ncies de l&#8217;Educaci\u00f3 i Psicologia<\/p>","protected":false},"author":2,"featured_media":1222,"comment_status":"closed","ping_status":"closed","sticky":false,"template":"","format":"standard","meta":{"footnotes":""},"categories":[11],"tags":[],"class_list":["post-1217","post","type-post","status-publish","format-standard","has-post-thumbnail","hentry","category-noticies"],"yoast_head":"<!-- This site is optimized with the Yoast SEO plugin v26.8 - https:\/\/yoast.com\/product\/yoast-seo-wordpress\/ -->\n<title>Primeres Jornades &quot;Di\u00e0legs Pedag\u00f2gics&quot; - Un m\u00f3n mod\u00f3<\/title>\n<meta name=\"robots\" content=\"index, follow, max-snippet:-1, max-image-preview:large, max-video-preview:-1\" \/>\n<link rel=\"canonical\" href=\"https:\/\/unmonrodo.cat\/es\/noticies\/primeres-jornades-dialegs-pedagogics\/\" \/>\n<meta property=\"og:locale\" content=\"es_ES\" \/>\n<meta property=\"og:type\" content=\"article\" \/>\n<meta property=\"og:title\" content=\"Primeres Jornades &quot;Di\u00e0legs Pedag\u00f2gics&quot; - Un m\u00f3n mod\u00f3\" \/>\n<meta property=\"og:description\" content=\"Facultat de Ci\u00e8ncies de l&#039;Educaci\u00f3 i Psicologia\" \/>\n<meta property=\"og:url\" content=\"https:\/\/unmonrodo.cat\/es\/noticies\/primeres-jornades-dialegs-pedagogics\/\" \/>\n<meta property=\"og:site_name\" content=\"Un m\u00f3n mod\u00f3\" \/>\n<meta property=\"article:publisher\" content=\"https:\/\/es-es.facebook.com\/unmonrodo\" \/>\n<meta property=\"article:published_time\" content=\"2019-04-11T11:21:52+00:00\" \/>\n<meta property=\"article:modified_time\" content=\"2023-04-01T10:41:23+00:00\" \/>\n<meta property=\"og:image\" content=\"https:\/\/unmonrodo.cat\/wp-content\/uploads\/2022\/07\/taller-diagnostic-pedagogic-i-psicopedagogic.jpg\" \/>\n\t<meta property=\"og:image:width\" content=\"960\" \/>\n\t<meta property=\"og:image:height\" content=\"720\" \/>\n\t<meta property=\"og:image:type\" content=\"image\/jpeg\" \/>\n<meta name=\"author\" content=\"Maria Teresa G\u00e1mez\" \/>\n<meta name=\"twitter:card\" content=\"summary_large_image\" \/>\n<meta name=\"twitter:creator\" content=\"@un_mon_rodo\" \/>\n<meta name=\"twitter:site\" content=\"@un_mon_rodo\" \/>\n<meta name=\"twitter:label1\" content=\"Escrito por\" \/>\n\t<meta name=\"twitter:data1\" content=\"Maria Teresa G\u00e1mez\" \/>\n\t<meta name=\"twitter:label2\" content=\"Tiempo de lectura\" \/>\n\t<meta name=\"twitter:data2\" content=\"1 minuto\" \/>\n<script type=\"application\/ld+json\" class=\"yoast-schema-graph\">{\"@context\":\"https:\/\/schema.org\",\"@graph\":[{\"@type\":\"Article\",\"@id\":\"https:\/\/unmonrodo.cat\/noticies\/primeres-jornades-dialegs-pedagogics\/#article\",\"isPartOf\":{\"@id\":\"https:\/\/unmonrodo.cat\/noticies\/primeres-jornades-dialegs-pedagogics\/\"},\"author\":{\"name\":\"Maria Teresa G\u00e1mez\",\"@id\":\"https:\/\/unmonrodo.cat\/#\/schema\/person\/7cae72f3300578074fe4191ac4aa552f\"},\"headline\":\"Primeres Jornades &#8220;Di\u00e0legs Pedag\u00f2gics&#8221;\",\"datePublished\":\"2019-04-11T11:21:52+00:00\",\"dateModified\":\"2023-04-01T10:41:23+00:00\",\"mainEntityOfPage\":{\"@id\":\"https:\/\/unmonrodo.cat\/noticies\/primeres-jornades-dialegs-pedagogics\/\"},\"wordCount\":50,\"publisher\":{\"@id\":\"https:\/\/unmonrodo.cat\/#organization\"},\"image\":{\"@id\":\"https:\/\/unmonrodo.cat\/noticies\/primeres-jornades-dialegs-pedagogics\/#primaryimage\"},\"thumbnailUrl\":\"https:\/\/unmonrodo.cat\/wp-content\/uploads\/2022\/07\/taller-diagnostic-pedagogic-i-psicopedagogic.jpg\",\"articleSection\":[\"Not\u00edcies\"],\"inLanguage\":\"es\"},{\"@type\":\"WebPage\",\"@id\":\"https:\/\/unmonrodo.cat\/noticies\/primeres-jornades-dialegs-pedagogics\/\",\"url\":\"https:\/\/unmonrodo.cat\/noticies\/primeres-jornades-dialegs-pedagogics\/\",\"name\":\"Primeres Jornades \\\"Di\u00e0legs Pedag\u00f2gics\\\" - Un m\u00f3n mod\u00f3\",\"isPartOf\":{\"@id\":\"https:\/\/unmonrodo.cat\/#website\"},\"primaryImageOfPage\":{\"@id\":\"https:\/\/unmonrodo.cat\/noticies\/primeres-jornades-dialegs-pedagogics\/#primaryimage\"},\"image\":{\"@id\":\"https:\/\/unmonrodo.cat\/noticies\/primeres-jornades-dialegs-pedagogics\/#primaryimage\"},\"thumbnailUrl\":\"https:\/\/unmonrodo.cat\/wp-content\/uploads\/2022\/07\/taller-diagnostic-pedagogic-i-psicopedagogic.jpg\",\"datePublished\":\"2019-04-11T11:21:52+00:00\",\"dateModified\":\"2023-04-01T10:41:23+00:00\",\"breadcrumb\":{\"@id\":\"https:\/\/unmonrodo.cat\/noticies\/primeres-jornades-dialegs-pedagogics\/#breadcrumb\"},\"inLanguage\":\"es\",\"potentialAction\":[{\"@type\":\"ReadAction\",\"target\":[\"https:\/\/unmonrodo.cat\/noticies\/primeres-jornades-dialegs-pedagogics\/\"]}]},{\"@type\":\"ImageObject\",\"inLanguage\":\"es\",\"@id\":\"https:\/\/unmonrodo.cat\/noticies\/primeres-jornades-dialegs-pedagogics\/#primaryimage\",\"url\":\"https:\/\/unmonrodo.cat\/wp-content\/uploads\/2022\/07\/taller-diagnostic-pedagogic-i-psicopedagogic.jpg\",\"contentUrl\":\"https:\/\/unmonrodo.cat\/wp-content\/uploads\/2022\/07\/taller-diagnostic-pedagogic-i-psicopedagogic.jpg\",\"width\":960,\"height\":720},{\"@type\":\"BreadcrumbList\",\"@id\":\"https:\/\/unmonrodo.cat\/noticies\/primeres-jornades-dialegs-pedagogics\/#breadcrumb\",\"itemListElement\":[{\"@type\":\"ListItem\",\"position\":1,\"name\":\"Inici\",\"item\":\"https:\/\/unmonrodo.cat\/\"},{\"@type\":\"ListItem\",\"position\":2,\"name\":\"Primeres Jornades &#8220;Di\u00e0legs Pedag\u00f2gics&#8221;\"}]},{\"@type\":\"WebSite\",\"@id\":\"https:\/\/unmonrodo.cat\/#website\",\"url\":\"https:\/\/unmonrodo.cat\/\",\"name\":\"Un M\u00f3n Rod\u00f3\",\"description\":\"Aprendre pot ser divertit!\",\"publisher\":{\"@id\":\"https:\/\/unmonrodo.cat\/#organization\"},\"potentialAction\":[{\"@type\":\"SearchAction\",\"target\":{\"@type\":\"EntryPoint\",\"urlTemplate\":\"https:\/\/unmonrodo.cat\/?s={search_term_string}\"},\"query-input\":{\"@type\":\"PropertyValueSpecification\",\"valueRequired\":true,\"valueName\":\"search_term_string\"}}],\"inLanguage\":\"es\"},{\"@type\":\"Organization\",\"@id\":\"https:\/\/unmonrodo.cat\/#organization\",\"name\":\"Un M\u00f3n Rod\u00f3\",\"url\":\"https:\/\/unmonrodo.cat\/\",\"logo\":{\"@type\":\"ImageObject\",\"inLanguage\":\"es\",\"@id\":\"https:\/\/unmonrodo.cat\/#\/schema\/logo\/image\/\",\"url\":\"https:\/\/dev.unmonrodo.com\/wp-content\/uploads\/2021\/11\/logo-horizontal.png\",\"contentUrl\":\"https:\/\/dev.unmonrodo.com\/wp-content\/uploads\/2021\/11\/logo-horizontal.png\",\"width\":1016,\"height\":299,\"caption\":\"Un M\u00f3n Rod\u00f3\"},\"image\":{\"@id\":\"https:\/\/unmonrodo.cat\/#\/schema\/logo\/image\/\"},\"sameAs\":[\"https:\/\/es-es.facebook.com\/unmonrodo\",\"https:\/\/x.com\/un_mon_rodo\"]},{\"@type\":\"Person\",\"@id\":\"https:\/\/unmonrodo.cat\/#\/schema\/person\/7cae72f3300578074fe4191ac4aa552f\",\"name\":\"Maria Teresa G\u00e1mez\",\"image\":{\"@type\":\"ImageObject\",\"inLanguage\":\"es\",\"@id\":\"https:\/\/unmonrodo.cat\/#\/schema\/person\/image\/\",\"url\":\"https:\/\/secure.gravatar.com\/avatar\/c9266d81257cd9410775497c76228327c46b2373923a30b81a0907352c5301d8?s=96&d=mm&r=g\",\"contentUrl\":\"https:\/\/secure.gravatar.com\/avatar\/c9266d81257cd9410775497c76228327c46b2373923a30b81a0907352c5301d8?s=96&d=mm&r=g\",\"caption\":\"Maria Teresa G\u00e1mez\"}}]}<\/script>\n<!-- \/ Yoast SEO plugin. -->","yoast_head_json":{"title":"Primeres Jornades \"Di\u00e0legs Pedag\u00f2gics\" - Un m\u00f3n mod\u00f3","robots":{"index":"index","follow":"follow","max-snippet":"max-snippet:-1","max-image-preview":"max-image-preview:large","max-video-preview":"max-video-preview:-1"},"canonical":"https:\/\/unmonrodo.cat\/es\/noticies\/primeres-jornades-dialegs-pedagogics\/","og_locale":"es_ES","og_type":"article","og_title":"Primeres Jornades \"Di\u00e0legs Pedag\u00f2gics\" - Un m\u00f3n mod\u00f3","og_description":"Facultat de Ci\u00e8ncies de l'Educaci\u00f3 i Psicologia","og_url":"https:\/\/unmonrodo.cat\/es\/noticies\/primeres-jornades-dialegs-pedagogics\/","og_site_name":"Un m\u00f3n mod\u00f3","article_publisher":"https:\/\/es-es.facebook.com\/unmonrodo","article_published_time":"2019-04-11T11:21:52+00:00","article_modified_time":"2023-04-01T10:41:23+00:00","og_image":[{"width":960,"height":720,"url":"https:\/\/unmonrodo.cat\/wp-content\/uploads\/2022\/07\/taller-diagnostic-pedagogic-i-psicopedagogic.jpg","type":"image\/jpeg"}],"author":"Maria Teresa G\u00e1mez","twitter_card":"summary_large_image","twitter_creator":"@un_mon_rodo","twitter_site":"@un_mon_rodo","twitter_misc":{"Escrito por":"Maria Teresa G\u00e1mez","Tiempo de lectura":"1 minuto"},"schema":{"@context":"https:\/\/schema.org","@graph":[{"@type":"Article","@id":"https:\/\/unmonrodo.cat\/noticies\/primeres-jornades-dialegs-pedagogics\/#article","isPartOf":{"@id":"https:\/\/unmonrodo.cat\/noticies\/primeres-jornades-dialegs-pedagogics\/"},"author":{"name":"Maria Teresa G\u00e1mez","@id":"https:\/\/unmonrodo.cat\/#\/schema\/person\/7cae72f3300578074fe4191ac4aa552f"},"headline":"Primeres Jornades &#8220;Di\u00e0legs Pedag\u00f2gics&#8221;","datePublished":"2019-04-11T11:21:52+00:00","dateModified":"2023-04-01T10:41:23+00:00","mainEntityOfPage":{"@id":"https:\/\/unmonrodo.cat\/noticies\/primeres-jornades-dialegs-pedagogics\/"},"wordCount":50,"publisher":{"@id":"https:\/\/unmonrodo.cat\/#organization"},"image":{"@id":"https:\/\/unmonrodo.cat\/noticies\/primeres-jornades-dialegs-pedagogics\/#primaryimage"},"thumbnailUrl":"https:\/\/unmonrodo.cat\/wp-content\/uploads\/2022\/07\/taller-diagnostic-pedagogic-i-psicopedagogic.jpg","articleSection":["Not\u00edcies"],"inLanguage":"es"},{"@type":"WebPage","@id":"https:\/\/unmonrodo.cat\/noticies\/primeres-jornades-dialegs-pedagogics\/","url":"https:\/\/unmonrodo.cat\/noticies\/primeres-jornades-dialegs-pedagogics\/","name":"Primeres Jornades \"Di\u00e0legs Pedag\u00f2gics\" - Un m\u00f3n mod\u00f3","isPartOf":{"@id":"https:\/\/unmonrodo.cat\/#website"},"primaryImageOfPage":{"@id":"https:\/\/unmonrodo.cat\/noticies\/primeres-jornades-dialegs-pedagogics\/#primaryimage"},"image":{"@id":"https:\/\/unmonrodo.cat\/noticies\/primeres-jornades-dialegs-pedagogics\/#primaryimage"},"thumbnailUrl":"https:\/\/unmonrodo.cat\/wp-content\/uploads\/2022\/07\/taller-diagnostic-pedagogic-i-psicopedagogic.jpg","datePublished":"2019-04-11T11:21:52+00:00","dateModified":"2023-04-01T10:41:23+00:00","breadcrumb":{"@id":"https:\/\/unmonrodo.cat\/noticies\/primeres-jornades-dialegs-pedagogics\/#breadcrumb"},"inLanguage":"es","potentialAction":[{"@type":"ReadAction","target":["https:\/\/unmonrodo.cat\/noticies\/primeres-jornades-dialegs-pedagogics\/"]}]},{"@type":"ImageObject","inLanguage":"es","@id":"https:\/\/unmonrodo.cat\/noticies\/primeres-jornades-dialegs-pedagogics\/#primaryimage","url":"https:\/\/unmonrodo.cat\/wp-content\/uploads\/2022\/07\/taller-diagnostic-pedagogic-i-psicopedagogic.jpg","contentUrl":"https:\/\/unmonrodo.cat\/wp-content\/uploads\/2022\/07\/taller-diagnostic-pedagogic-i-psicopedagogic.jpg","width":960,"height":720},{"@type":"BreadcrumbList","@id":"https:\/\/unmonrodo.cat\/noticies\/primeres-jornades-dialegs-pedagogics\/#breadcrumb","itemListElement":[{"@type":"ListItem","position":1,"name":"Inici","item":"https:\/\/unmonrodo.cat\/"},{"@type":"ListItem","position":2,"name":"Primeres Jornades &#8220;Di\u00e0legs Pedag\u00f2gics&#8221;"}]},{"@type":"WebSite","@id":"https:\/\/unmonrodo.cat\/#website","url":"https:\/\/unmonrodo.cat\/","name":"Un M\u00f3n Rod\u00f3","description":"\u00a1Aprender es divertido!","publisher":{"@id":"https:\/\/unmonrodo.cat\/#organization"},"potentialAction":[{"@type":"SearchAction","target":{"@type":"EntryPoint","urlTemplate":"https:\/\/unmonrodo.cat\/?s={search_term_string}"},"query-input":{"@type":"PropertyValueSpecification","valueRequired":true,"valueName":"search_term_string"}}],"inLanguage":"es"},{"@type":"Organization","@id":"https:\/\/unmonrodo.cat\/#organization","name":"Un M\u00f3n Rod\u00f3","url":"https:\/\/unmonrodo.cat\/","logo":{"@type":"ImageObject","inLanguage":"es","@id":"https:\/\/unmonrodo.cat\/#\/schema\/logo\/image\/","url":"https:\/\/dev.unmonrodo.com\/wp-content\/uploads\/2021\/11\/logo-horizontal.png","contentUrl":"https:\/\/dev.unmonrodo.com\/wp-content\/uploads\/2021\/11\/logo-horizontal.png","width":1016,"height":299,"caption":"Un M\u00f3n Rod\u00f3"},"image":{"@id":"https:\/\/unmonrodo.cat\/#\/schema\/logo\/image\/"},"sameAs":["https:\/\/es-es.facebook.com\/unmonrodo","https:\/\/x.com\/un_mon_rodo"]},{"@type":"Person","@id":"https:\/\/unmonrodo.cat\/#\/schema\/person\/7cae72f3300578074fe4191ac4aa552f","name":"Maria Teresa G\u00e1mez","image":{"@type":"ImageObject","inLanguage":"es","@id":"https:\/\/unmonrodo.cat\/#\/schema\/person\/image\/","url":"https:\/\/secure.gravatar.com\/avatar\/c9266d81257cd9410775497c76228327c46b2373923a30b81a0907352c5301d8?s=96&d=mm&r=g","contentUrl":"https:\/\/secure.gravatar.com\/avatar\/c9266d81257cd9410775497c76228327c46b2373923a30b81a0907352c5301d8?s=96&d=mm&r=g","caption":"Maria Teresa G\u00e1mez"}}]}},"_links":{"self":[{"href":"https:\/\/unmonrodo.cat\/es\/wp-json\/wp\/v2\/posts\/1217","targetHints":{"allow":["GET"]}}],"collection":[{"href":"https:\/\/unmonrodo.cat\/es\/wp-json\/wp\/v2\/posts"}],"about":[{"href":"https:\/\/unmonrodo.cat\/es\/wp-json\/wp\/v2\/types\/post"}],"author":[{"embeddable":true,"href":"https:\/\/unmonrodo.cat\/es\/wp-json\/wp\/v2\/users\/2"}],"replies":[{"embeddable":true,"href":"https:\/\/unmonrodo.cat\/es\/wp-json\/wp\/v2\/comments?post=1217"}],"version-history":[{"count":19,"href":"https:\/\/unmonrodo.cat\/es\/wp-json\/wp\/v2\/posts\/1217\/revisions"}],"predecessor-version":[{"id":2622,"href":"https:\/\/unmonrodo.cat\/es\/wp-json\/wp\/v2\/posts\/1217\/revisions\/2622"}],"wp:featuredmedia":[{"embeddable":true,"href":"https:\/\/unmonrodo.cat\/es\/wp-json\/wp\/v2\/media\/1222"}],"wp:attachment":[{"href":"https:\/\/unmonrodo.cat\/es\/wp-json\/wp\/v2\/media?parent=1217"}],"wp:term":[{"taxonomy":"category","embeddable":true,"href":"https:\/\/unmonrodo.cat\/es\/wp-json\/wp\/v2\/categories?post=1217"},{"taxonomy":"post_tag","embeddable":true,"href":"https:\/\/unmonrodo.cat\/es\/wp-json\/wp\/v2\/tags?post=1217"}],"curies":[{"name":"wp","href":"https:\/\/api.w.org\/{rel}","templated":true}]}}