{"id":3848,"date":"2023-06-22T14:01:06","date_gmt":"2023-06-22T12:01:06","guid":{"rendered":"https:\/\/dev.unmonrodo.cat\/?p=3848"},"modified":"2023-06-24T14:02:27","modified_gmt":"2023-06-24T12:02:27","slug":"paraules-emocionals-per-a-la-millora-de-laprenentatge","status":"publish","type":"post","link":"https:\/\/unmonrodo.cat\/es\/noticies\/paraules-emocionals-per-a-la-millora-de-laprenentatge\/","title":{"rendered":"Palabras emocionales para la mejora del aprendizaje"},"content":{"rendered":"<div data-elementor-type=\"wp-post\" data-elementor-id=\"3848\" class=\"elementor elementor-3848\" data-elementor-post-type=\"post\">\n\t\t\t\t\t\t<section class=\"elementor-section elementor-top-section elementor-element elementor-element-b39432e elementor-section-boxed elementor-section-height-default elementor-section-height-default\" data-id=\"b39432e\" data-element_type=\"section\" data-e-type=\"section\">\n\t\t\t\t\t\t<div class=\"elementor-container elementor-column-gap-default\">\n\t\t\t\t\t<div class=\"elementor-column elementor-col-100 elementor-top-column elementor-element elementor-element-b8d60d7\" data-id=\"b8d60d7\" data-element_type=\"column\" data-e-type=\"column\">\n\t\t\t<div class=\"elementor-widget-wrap elementor-element-populated\">\n\t\t\t\t\t\t<div class=\"elementor-element elementor-element-fac73cd elementor-widget elementor-widget-text-editor\" data-id=\"fac73cd\" data-element_type=\"widget\" data-e-type=\"widget\" data-widget_type=\"text-editor.default\">\n\t\t\t\t<div class=\"elementor-widget-container\">\n\t\t\t\t\t\t\t\t\t<p class=\"translation-block\">Durante el CURSO 2022\/23 hemos llevado a cabo el Proyecto <strong>\u201cPalabras emocionales para la mejora del aprendizaje\u201d<\/strong> en la Escuela Campclar de Tarragona, con los ni\u00f1os de I5.<\/p>\t\t\t\t\t\t\t\t<\/div>\n\t\t\t\t<\/div>\n\t\t\t\t<div class=\"elementor-element elementor-element-1ce292a elementor-widget elementor-widget-text-editor\" data-id=\"1ce292a\" data-element_type=\"widget\" data-e-type=\"widget\" data-widget_type=\"text-editor.default\">\n\t\t\t\t<div class=\"elementor-widget-container\">\n\t\t\t\t\t\t\t\t\tEn ellos, hemos trabajado la expresi\u00f3n de la lengua catalana, la identificaci\u00f3n y gesti\u00f3n emocional y estrategias para mejorar conductas ante situaciones.\t\t\t\t\t\t\t\t<\/div>\n\t\t\t\t<\/div>\n\t\t\t\t<div class=\"elementor-element elementor-element-fc88944 elementor-widget elementor-widget-text-editor\" data-id=\"fc88944\" data-element_type=\"widget\" data-e-type=\"widget\" data-widget_type=\"text-editor.default\">\n\t\t\t\t<div class=\"elementor-widget-container\">\n\t\t\t\t\t\t\t\t\tMediante di\u00e1logo, reflexi\u00f3n y juegos, los ni\u00f1os han disfrutado de las sesiones y han aprendido juntos a: entenderse a s\u00ed mismos y atender a los dem\u00e1s, estrategias para buscar soluciones, saber escuchar y esperar, y expresarse con respeto.\t\t\t\t\t\t\t\t<\/div>\n\t\t\t\t<\/div>\n\t\t\t\t\t<\/div>\n\t\t<\/div>\n\t\t\t\t\t<\/div>\n\t\t<\/section>\n\t\t\t\t<\/div>","protected":false},"excerpt":{"rendered":"<p>Trabajamos las emociones y las conductas mediante el lenguaje.<\/p>","protected":false},"author":2,"featured_media":3849,"comment_status":"closed","ping_status":"closed","sticky":false,"template":"","format":"standard","meta":{"footnotes":""},"categories":[11],"tags":[],"class_list":["post-3848","post","type-post","status-publish","format-standard","has-post-thumbnail","hentry","category-noticies"],"yoast_head":"<!-- This site is optimized with the Yoast SEO plugin v26.8 - https:\/\/yoast.com\/product\/yoast-seo-wordpress\/ -->\n<title>Paraules emocionals per a la millora de l&#039;aprenentatge - Un m\u00f3n mod\u00f3<\/title>\n<meta name=\"robots\" content=\"index, follow, max-snippet:-1, max-image-preview:large, max-video-preview:-1\" \/>\n<link rel=\"canonical\" href=\"https:\/\/unmonrodo.cat\/es\/noticies\/paraules-emocionals-per-a-la-millora-de-laprenentatge\/\" \/>\n<meta property=\"og:locale\" content=\"es_ES\" \/>\n<meta property=\"og:type\" content=\"article\" \/>\n<meta property=\"og:title\" content=\"Paraules emocionals per a la millora de l&#039;aprenentatge - Un m\u00f3n mod\u00f3\" \/>\n<meta property=\"og:description\" content=\"Treballem les emocions i les conductes mitjan\u00e7ant el llenguatge.\" \/>\n<meta property=\"og:url\" content=\"https:\/\/unmonrodo.cat\/es\/noticies\/paraules-emocionals-per-a-la-millora-de-laprenentatge\/\" \/>\n<meta property=\"og:site_name\" content=\"Un m\u00f3n mod\u00f3\" \/>\n<meta property=\"article:publisher\" content=\"https:\/\/es-es.facebook.com\/unmonrodo\" \/>\n<meta property=\"article:published_time\" content=\"2023-06-22T12:01:06+00:00\" \/>\n<meta property=\"article:modified_time\" content=\"2023-06-24T12:02:27+00:00\" \/>\n<meta property=\"og:image\" content=\"https:\/\/unmonrodo.cat\/wp-content\/uploads\/2023\/06\/taller-paraules-emocionals-camp-clar-scaled.jpg\" \/>\n\t<meta property=\"og:image:width\" content=\"2560\" \/>\n\t<meta property=\"og:image:height\" content=\"1920\" \/>\n\t<meta property=\"og:image:type\" content=\"image\/jpeg\" \/>\n<meta name=\"author\" content=\"Maria Teresa G\u00e1mez\" \/>\n<meta name=\"twitter:card\" content=\"summary_large_image\" \/>\n<meta name=\"twitter:creator\" content=\"@un_mon_rodo\" \/>\n<meta name=\"twitter:site\" content=\"@un_mon_rodo\" \/>\n<meta name=\"twitter:label1\" content=\"Escrito por\" \/>\n\t<meta name=\"twitter:data1\" content=\"Maria Teresa G\u00e1mez\" \/>\n\t<meta name=\"twitter:label2\" content=\"Tiempo de lectura\" \/>\n\t<meta name=\"twitter:data2\" content=\"1 minuto\" \/>\n<script type=\"application\/ld+json\" class=\"yoast-schema-graph\">{\"@context\":\"https:\/\/schema.org\",\"@graph\":[{\"@type\":\"Article\",\"@id\":\"https:\/\/unmonrodo.cat\/noticies\/paraules-emocionals-per-a-la-millora-de-laprenentatge\/#article\",\"isPartOf\":{\"@id\":\"https:\/\/unmonrodo.cat\/noticies\/paraules-emocionals-per-a-la-millora-de-laprenentatge\/\"},\"author\":{\"name\":\"Maria Teresa G\u00e1mez\",\"@id\":\"https:\/\/unmonrodo.cat\/#\/schema\/person\/7cae72f3300578074fe4191ac4aa552f\"},\"headline\":\"Paraules emocionals per a la millora de l&#8217;aprenentatge\",\"datePublished\":\"2023-06-22T12:01:06+00:00\",\"dateModified\":\"2023-06-24T12:02:27+00:00\",\"mainEntityOfPage\":{\"@id\":\"https:\/\/unmonrodo.cat\/noticies\/paraules-emocionals-per-a-la-millora-de-laprenentatge\/\"},\"wordCount\":103,\"publisher\":{\"@id\":\"https:\/\/unmonrodo.cat\/#organization\"},\"image\":{\"@id\":\"https:\/\/unmonrodo.cat\/noticies\/paraules-emocionals-per-a-la-millora-de-laprenentatge\/#primaryimage\"},\"thumbnailUrl\":\"https:\/\/unmonrodo.cat\/wp-content\/uploads\/2023\/06\/taller-paraules-emocionals-camp-clar-scaled.jpg\",\"articleSection\":[\"Not\u00edcies\"],\"inLanguage\":\"es\"},{\"@type\":\"WebPage\",\"@id\":\"https:\/\/unmonrodo.cat\/noticies\/paraules-emocionals-per-a-la-millora-de-laprenentatge\/\",\"url\":\"https:\/\/unmonrodo.cat\/noticies\/paraules-emocionals-per-a-la-millora-de-laprenentatge\/\",\"name\":\"Paraules emocionals per a la millora de l'aprenentatge - Un m\u00f3n mod\u00f3\",\"isPartOf\":{\"@id\":\"https:\/\/unmonrodo.cat\/#website\"},\"primaryImageOfPage\":{\"@id\":\"https:\/\/unmonrodo.cat\/noticies\/paraules-emocionals-per-a-la-millora-de-laprenentatge\/#primaryimage\"},\"image\":{\"@id\":\"https:\/\/unmonrodo.cat\/noticies\/paraules-emocionals-per-a-la-millora-de-laprenentatge\/#primaryimage\"},\"thumbnailUrl\":\"https:\/\/unmonrodo.cat\/wp-content\/uploads\/2023\/06\/taller-paraules-emocionals-camp-clar-scaled.jpg\",\"datePublished\":\"2023-06-22T12:01:06+00:00\",\"dateModified\":\"2023-06-24T12:02:27+00:00\",\"breadcrumb\":{\"@id\":\"https:\/\/unmonrodo.cat\/noticies\/paraules-emocionals-per-a-la-millora-de-laprenentatge\/#breadcrumb\"},\"inLanguage\":\"es\",\"potentialAction\":[{\"@type\":\"ReadAction\",\"target\":[\"https:\/\/unmonrodo.cat\/noticies\/paraules-emocionals-per-a-la-millora-de-laprenentatge\/\"]}]},{\"@type\":\"ImageObject\",\"inLanguage\":\"es\",\"@id\":\"https:\/\/unmonrodo.cat\/noticies\/paraules-emocionals-per-a-la-millora-de-laprenentatge\/#primaryimage\",\"url\":\"https:\/\/unmonrodo.cat\/wp-content\/uploads\/2023\/06\/taller-paraules-emocionals-camp-clar-scaled.jpg\",\"contentUrl\":\"https:\/\/unmonrodo.cat\/wp-content\/uploads\/2023\/06\/taller-paraules-emocionals-camp-clar-scaled.jpg\",\"width\":2560,\"height\":1920,\"caption\":\"Taller paraules emocionals Camp Clar\"},{\"@type\":\"BreadcrumbList\",\"@id\":\"https:\/\/unmonrodo.cat\/noticies\/paraules-emocionals-per-a-la-millora-de-laprenentatge\/#breadcrumb\",\"itemListElement\":[{\"@type\":\"ListItem\",\"position\":1,\"name\":\"Inici\",\"item\":\"https:\/\/unmonrodo.cat\/\"},{\"@type\":\"ListItem\",\"position\":2,\"name\":\"Paraules emocionals per a la millora de l&#8217;aprenentatge\"}]},{\"@type\":\"WebSite\",\"@id\":\"https:\/\/unmonrodo.cat\/#website\",\"url\":\"https:\/\/unmonrodo.cat\/\",\"name\":\"Un M\u00f3n Rod\u00f3\",\"description\":\"Aprendre pot ser divertit!\",\"publisher\":{\"@id\":\"https:\/\/unmonrodo.cat\/#organization\"},\"potentialAction\":[{\"@type\":\"SearchAction\",\"target\":{\"@type\":\"EntryPoint\",\"urlTemplate\":\"https:\/\/unmonrodo.cat\/?s={search_term_string}\"},\"query-input\":{\"@type\":\"PropertyValueSpecification\",\"valueRequired\":true,\"valueName\":\"search_term_string\"}}],\"inLanguage\":\"es\"},{\"@type\":\"Organization\",\"@id\":\"https:\/\/unmonrodo.cat\/#organization\",\"name\":\"Un M\u00f3n Rod\u00f3\",\"url\":\"https:\/\/unmonrodo.cat\/\",\"logo\":{\"@type\":\"ImageObject\",\"inLanguage\":\"es\",\"@id\":\"https:\/\/unmonrodo.cat\/#\/schema\/logo\/image\/\",\"url\":\"https:\/\/dev.unmonrodo.com\/wp-content\/uploads\/2021\/11\/logo-horizontal.png\",\"contentUrl\":\"https:\/\/dev.unmonrodo.com\/wp-content\/uploads\/2021\/11\/logo-horizontal.png\",\"width\":1016,\"height\":299,\"caption\":\"Un M\u00f3n Rod\u00f3\"},\"image\":{\"@id\":\"https:\/\/unmonrodo.cat\/#\/schema\/logo\/image\/\"},\"sameAs\":[\"https:\/\/es-es.facebook.com\/unmonrodo\",\"https:\/\/x.com\/un_mon_rodo\"]},{\"@type\":\"Person\",\"@id\":\"https:\/\/unmonrodo.cat\/#\/schema\/person\/7cae72f3300578074fe4191ac4aa552f\",\"name\":\"Maria Teresa G\u00e1mez\",\"image\":{\"@type\":\"ImageObject\",\"inLanguage\":\"es\",\"@id\":\"https:\/\/unmonrodo.cat\/#\/schema\/person\/image\/\",\"url\":\"https:\/\/secure.gravatar.com\/avatar\/c9266d81257cd9410775497c76228327c46b2373923a30b81a0907352c5301d8?s=96&d=mm&r=g\",\"contentUrl\":\"https:\/\/secure.gravatar.com\/avatar\/c9266d81257cd9410775497c76228327c46b2373923a30b81a0907352c5301d8?s=96&d=mm&r=g\",\"caption\":\"Maria Teresa G\u00e1mez\"}}]}<\/script>\n<!-- \/ Yoast SEO plugin. -->","yoast_head_json":{"title":"Paraules emocionals per a la millora de l'aprenentatge - Un m\u00f3n mod\u00f3","robots":{"index":"index","follow":"follow","max-snippet":"max-snippet:-1","max-image-preview":"max-image-preview:large","max-video-preview":"max-video-preview:-1"},"canonical":"https:\/\/unmonrodo.cat\/es\/noticies\/paraules-emocionals-per-a-la-millora-de-laprenentatge\/","og_locale":"es_ES","og_type":"article","og_title":"Paraules emocionals per a la millora de l'aprenentatge - Un m\u00f3n mod\u00f3","og_description":"Treballem les emocions i les conductes mitjan\u00e7ant el llenguatge.","og_url":"https:\/\/unmonrodo.cat\/es\/noticies\/paraules-emocionals-per-a-la-millora-de-laprenentatge\/","og_site_name":"Un m\u00f3n mod\u00f3","article_publisher":"https:\/\/es-es.facebook.com\/unmonrodo","article_published_time":"2023-06-22T12:01:06+00:00","article_modified_time":"2023-06-24T12:02:27+00:00","og_image":[{"width":2560,"height":1920,"url":"https:\/\/unmonrodo.cat\/wp-content\/uploads\/2023\/06\/taller-paraules-emocionals-camp-clar-scaled.jpg","type":"image\/jpeg"}],"author":"Maria Teresa G\u00e1mez","twitter_card":"summary_large_image","twitter_creator":"@un_mon_rodo","twitter_site":"@un_mon_rodo","twitter_misc":{"Escrito por":"Maria Teresa G\u00e1mez","Tiempo de lectura":"1 minuto"},"schema":{"@context":"https:\/\/schema.org","@graph":[{"@type":"Article","@id":"https:\/\/unmonrodo.cat\/noticies\/paraules-emocionals-per-a-la-millora-de-laprenentatge\/#article","isPartOf":{"@id":"https:\/\/unmonrodo.cat\/noticies\/paraules-emocionals-per-a-la-millora-de-laprenentatge\/"},"author":{"name":"Maria Teresa G\u00e1mez","@id":"https:\/\/unmonrodo.cat\/#\/schema\/person\/7cae72f3300578074fe4191ac4aa552f"},"headline":"Paraules emocionals per a la millora de l&#8217;aprenentatge","datePublished":"2023-06-22T12:01:06+00:00","dateModified":"2023-06-24T12:02:27+00:00","mainEntityOfPage":{"@id":"https:\/\/unmonrodo.cat\/noticies\/paraules-emocionals-per-a-la-millora-de-laprenentatge\/"},"wordCount":103,"publisher":{"@id":"https:\/\/unmonrodo.cat\/#organization"},"image":{"@id":"https:\/\/unmonrodo.cat\/noticies\/paraules-emocionals-per-a-la-millora-de-laprenentatge\/#primaryimage"},"thumbnailUrl":"https:\/\/unmonrodo.cat\/wp-content\/uploads\/2023\/06\/taller-paraules-emocionals-camp-clar-scaled.jpg","articleSection":["Not\u00edcies"],"inLanguage":"es"},{"@type":"WebPage","@id":"https:\/\/unmonrodo.cat\/noticies\/paraules-emocionals-per-a-la-millora-de-laprenentatge\/","url":"https:\/\/unmonrodo.cat\/noticies\/paraules-emocionals-per-a-la-millora-de-laprenentatge\/","name":"Paraules emocionals per a la millora de l'aprenentatge - Un m\u00f3n mod\u00f3","isPartOf":{"@id":"https:\/\/unmonrodo.cat\/#website"},"primaryImageOfPage":{"@id":"https:\/\/unmonrodo.cat\/noticies\/paraules-emocionals-per-a-la-millora-de-laprenentatge\/#primaryimage"},"image":{"@id":"https:\/\/unmonrodo.cat\/noticies\/paraules-emocionals-per-a-la-millora-de-laprenentatge\/#primaryimage"},"thumbnailUrl":"https:\/\/unmonrodo.cat\/wp-content\/uploads\/2023\/06\/taller-paraules-emocionals-camp-clar-scaled.jpg","datePublished":"2023-06-22T12:01:06+00:00","dateModified":"2023-06-24T12:02:27+00:00","breadcrumb":{"@id":"https:\/\/unmonrodo.cat\/noticies\/paraules-emocionals-per-a-la-millora-de-laprenentatge\/#breadcrumb"},"inLanguage":"es","potentialAction":[{"@type":"ReadAction","target":["https:\/\/unmonrodo.cat\/noticies\/paraules-emocionals-per-a-la-millora-de-laprenentatge\/"]}]},{"@type":"ImageObject","inLanguage":"es","@id":"https:\/\/unmonrodo.cat\/noticies\/paraules-emocionals-per-a-la-millora-de-laprenentatge\/#primaryimage","url":"https:\/\/unmonrodo.cat\/wp-content\/uploads\/2023\/06\/taller-paraules-emocionals-camp-clar-scaled.jpg","contentUrl":"https:\/\/unmonrodo.cat\/wp-content\/uploads\/2023\/06\/taller-paraules-emocionals-camp-clar-scaled.jpg","width":2560,"height":1920,"caption":"Taller paraules emocionals Camp Clar"},{"@type":"BreadcrumbList","@id":"https:\/\/unmonrodo.cat\/noticies\/paraules-emocionals-per-a-la-millora-de-laprenentatge\/#breadcrumb","itemListElement":[{"@type":"ListItem","position":1,"name":"Inici","item":"https:\/\/unmonrodo.cat\/"},{"@type":"ListItem","position":2,"name":"Paraules emocionals per a la millora de l&#8217;aprenentatge"}]},{"@type":"WebSite","@id":"https:\/\/unmonrodo.cat\/#website","url":"https:\/\/unmonrodo.cat\/","name":"Un M\u00f3n Rod\u00f3","description":"\u00a1Aprender es divertido!","publisher":{"@id":"https:\/\/unmonrodo.cat\/#organization"},"potentialAction":[{"@type":"SearchAction","target":{"@type":"EntryPoint","urlTemplate":"https:\/\/unmonrodo.cat\/?s={search_term_string}"},"query-input":{"@type":"PropertyValueSpecification","valueRequired":true,"valueName":"search_term_string"}}],"inLanguage":"es"},{"@type":"Organization","@id":"https:\/\/unmonrodo.cat\/#organization","name":"Un M\u00f3n Rod\u00f3","url":"https:\/\/unmonrodo.cat\/","logo":{"@type":"ImageObject","inLanguage":"es","@id":"https:\/\/unmonrodo.cat\/#\/schema\/logo\/image\/","url":"https:\/\/dev.unmonrodo.com\/wp-content\/uploads\/2021\/11\/logo-horizontal.png","contentUrl":"https:\/\/dev.unmonrodo.com\/wp-content\/uploads\/2021\/11\/logo-horizontal.png","width":1016,"height":299,"caption":"Un M\u00f3n Rod\u00f3"},"image":{"@id":"https:\/\/unmonrodo.cat\/#\/schema\/logo\/image\/"},"sameAs":["https:\/\/es-es.facebook.com\/unmonrodo","https:\/\/x.com\/un_mon_rodo"]},{"@type":"Person","@id":"https:\/\/unmonrodo.cat\/#\/schema\/person\/7cae72f3300578074fe4191ac4aa552f","name":"Maria Teresa G\u00e1mez","image":{"@type":"ImageObject","inLanguage":"es","@id":"https:\/\/unmonrodo.cat\/#\/schema\/person\/image\/","url":"https:\/\/secure.gravatar.com\/avatar\/c9266d81257cd9410775497c76228327c46b2373923a30b81a0907352c5301d8?s=96&d=mm&r=g","contentUrl":"https:\/\/secure.gravatar.com\/avatar\/c9266d81257cd9410775497c76228327c46b2373923a30b81a0907352c5301d8?s=96&d=mm&r=g","caption":"Maria Teresa G\u00e1mez"}}]}},"_links":{"self":[{"href":"https:\/\/unmonrodo.cat\/es\/wp-json\/wp\/v2\/posts\/3848","targetHints":{"allow":["GET"]}}],"collection":[{"href":"https:\/\/unmonrodo.cat\/es\/wp-json\/wp\/v2\/posts"}],"about":[{"href":"https:\/\/unmonrodo.cat\/es\/wp-json\/wp\/v2\/types\/post"}],"author":[{"embeddable":true,"href":"https:\/\/unmonrodo.cat\/es\/wp-json\/wp\/v2\/users\/2"}],"replies":[{"embeddable":true,"href":"https:\/\/unmonrodo.cat\/es\/wp-json\/wp\/v2\/comments?post=3848"}],"version-history":[{"count":4,"href":"https:\/\/unmonrodo.cat\/es\/wp-json\/wp\/v2\/posts\/3848\/revisions"}],"predecessor-version":[{"id":3853,"href":"https:\/\/unmonrodo.cat\/es\/wp-json\/wp\/v2\/posts\/3848\/revisions\/3853"}],"wp:featuredmedia":[{"embeddable":true,"href":"https:\/\/unmonrodo.cat\/es\/wp-json\/wp\/v2\/media\/3849"}],"wp:attachment":[{"href":"https:\/\/unmonrodo.cat\/es\/wp-json\/wp\/v2\/media?parent=3848"}],"wp:term":[{"taxonomy":"category","embeddable":true,"href":"https:\/\/unmonrodo.cat\/es\/wp-json\/wp\/v2\/categories?post=3848"},{"taxonomy":"post_tag","embeddable":true,"href":"https:\/\/unmonrodo.cat\/es\/wp-json\/wp\/v2\/tags?post=3848"}],"curies":[{"name":"wp","href":"https:\/\/api.w.org\/{rel}","templated":true}]}}